{"id":541,"date":"2021-11-19T18:03:22","date_gmt":"2021-11-19T21:03:22","guid":{"rendered":"https:\/\/www.101veiculos.com.br\/blog\/?p=541"},"modified":"2024-07-23T15:49:05","modified_gmt":"2024-07-23T15:49:05","slug":"volkswagen-gol-sai-de-linha-e-da-lugar-a-novo-modelo-de-entrada","status":"publish","type":"post","link":"https:\/\/www.101veiculos.com\/blog\/volkswagen-gol-sai-de-linha-e-da-lugar-a-novo-modelo-de-entrada\/","title":{"rendered":"Volkswagen Gol sai de linha e d\u00e1 lugar a novo modelo de entrada"},"content":{"rendered":"\n<p>Ano ap\u00f3s ano as montadoras mudam suas estrat\u00e9gias de mercado, seja para criar novos modelos ou at\u00e9 mesmo para reduzir custos de produ\u00e7\u00e3o. Nesse sentido, a Volkswagen anunciou que o cl\u00e1ssico Gol sair\u00e1 de linha. Outros modelos que devem sair de linha tamb\u00e9m s\u00e3o o Voyage e a picape Saveiro.<\/p>\n\n\n\n<h2 class=\"wp-block-heading\"><strong>Por que os modelos v\u00e3o sair de linha?<\/strong><\/h2>\n\n\n\n<p>Segundo a montadora Alem\u00e3, os modelos que devem sair de linha est\u00e3o se tornando obsoletos considerando as atuais exig\u00eancias do mercado brasileiro. Portanto, a Volkswagen vai apresentar a chegada de uma nova fam\u00edlia de ve\u00edculos compactos para 2023.<\/p>\n\n\n\n<p>Essa troca \u00e9 necess\u00e1ria para que a empresa siga com modelos de entrada e tamb\u00e9m estejam em conformidade com a legisla\u00e7\u00e3o vigente.<\/p>\n\n\n\n<h2 class=\"wp-block-heading\"><strong>At\u00e9 quando vai a produ\u00e7\u00e3o do Gol?<\/strong><\/h2>\n\n\n\n<p>A produ\u00e7\u00e3o do modelo cl\u00e1ssico e de grande sucesso da Volkswagen continua at\u00e9 o primeiro semestre de 2023. As vendas do Gol chegaram a superar modelos famosos como o VW Sedan (Fusca), sendo que em 41 anos de mercado o Gol foi produzido 9 milh\u00f5es de vezes, aproximadamente.<\/p>\n\n\n\n<p>Foram 3 gera\u00e7\u00f5es do Gol desenvolvidas pela montadora, sendo que a atual est\u00e1 no mercado desde o ano de 2008. Hoje o Gol \u00e9 vendido com motores 1.0 e 1.6, mas em 2022 a produ\u00e7\u00e3o ser\u00e1 apenas do modelo com motor 1.0 para reduzir sua m\u00e9dia de emiss\u00f5es de gases.<\/p>\n\n\n\n<p>Um dos motivos da sa\u00edda do Gol de linha \u00e9 uma legisla\u00e7\u00e3o que obriga o controle de estabilidade na produ\u00e7\u00e3o de ve\u00edculos, o que se torna invi\u00e1vel visto a necessidade de grandes investimentos pela montadora.<\/p>\n\n\n\n<h2 class=\"wp-block-heading\"><strong>O Gol deve retornar em outro formato?<\/strong><\/h2>\n\n\n\n<p>Com a sa\u00edda do Gol, a Volkswagen j\u00e1 divulgou que o modelo que o substituir\u00e1 \u00e9 o Polo Track. Este carro ser\u00e1 o primeiro da nova fam\u00edlia de modelos compactos na plataforma modular MQB, que ser\u00e1 utilizada na f\u00e1brica de Taubat\u00e9, em S\u00e3o Paulo.<\/p>\n\n\n\n<p>Se o nome Gol ser\u00e1 utilizado em um novo projeto ou n\u00e3o, ainda permanece a d\u00favida. Caso volte a ser negociado como Gol, o ve\u00edculo deve ser um in\u00e9dito SUV compacto produzido em Taubat\u00e9.<\/p>\n\n\n\n<p>Por\u00e9m, para encontrar o cl\u00e1ssico Gol, ser\u00e1 preciso contar com os modelos seminovos dispon\u00edveis no mercado.<\/p>\n\n\n\n<h2 class=\"wp-block-heading\"><strong>Compromisso da Volkswagen com o meio ambiente<\/strong><\/h2>\n\n\n\n<p>A montadora est\u00e1 em todo o mundo reformulando a sua marca com a inten\u00e7\u00e3o de reduzir impactos ambientais causados por seus ve\u00edculos e ind\u00fastrias. Na Am\u00e9rica Latina existe uma facilidade que \u00e9 o etanol, combust\u00edvel de origem vegetal e renov\u00e1vel que \u00e9 uma alternativa aos combust\u00edveis f\u00f3sseis.<\/p>\n\n\n\n<p>O objetivo da Volkswagen \u00e9 ser neutra em emiss\u00f5es de carbono at\u00e9 2050, sendo que a filial brasileira est\u00e1 \u00e0 frente das iniciativas e esfor\u00e7os do grupo para desenvolver tecnologias de biocombust\u00edvel.<\/p>\n\n\n\n<h2 class=\"wp-block-heading\"><strong>Comprar um seminovo Volkswagen Gol \u00e9 um bom neg\u00f3cio?<\/strong><\/h2>\n\n\n\n<p>Com a perspectiva real de n\u00e3o ter novos ve\u00edculos do modelo Gol no mercado a partir de 2023, \u00e9 interessante pensar se a compra de um carro seminovo do modelo \u00e9 um bom neg\u00f3cio.<\/p>\n\n\n\n<p>Assim como em qualquer neg\u00f3cio, \u00e9 importante avaliar bem a situa\u00e7\u00e3o mec\u00e2nica e el\u00e9trica do carro antes de comprar. Al\u00e9m disso, \u00e9 melhor adquirir um ve\u00edculo fora de linha caso seu plano seja continuar com o carro por algum tempo. Afinal, o valor de compra estar\u00e1 mais atrativo, mas o valor de venda pode ser prejudicado.<\/p>\n\n\n\n<p>Na 101 Ve\u00edculos estamos preparados para auxiliar voc\u00ea na compra do seu pr\u00f3ximo carro seminovo ou usado! Entre em contato conosco e tire todas as suas d\u00favidas.<\/p>\n\n\n\n<p><\/p>\n\n\n\n<p><strong>Veja tamb\u00e9m:<\/strong><strong><br><\/strong><strong>Link para outro blog post.<\/strong><\/p>\n\n\n\n<figure class=\"wp-block-embed is-type-wp-embed is-provider-101-veiculos wp-block-embed-101-veiculos\"><div class=\"wp-block-embed__wrapper\">\nhttps:\/\/www.101veiculos.com.br\/blog\/parcelamento-de-carros-usados-como-fazer\/\n<\/div><\/figure>\n","protected":false},"excerpt":{"rendered":"<p>Ano ap\u00f3s ano as montadoras mudam suas estrat\u00e9gias de mercado, seja para criar novos modelos ou at\u00e9 mesmo para reduzir custos de produ\u00e7\u00e3o. Nesse sentido, a Volkswagen anunciou que o cl\u00e1ssico Gol sair\u00e1 de linha. Outros modelos que devem sair de linha tamb\u00e9m s\u00e3o o Voyage e a picape Saveiro. Por que os modelos v\u00e3o [&hellip;]<\/p>\n","protected":false},"author":1,"featured_media":327,"comment_status":"closed","ping_status":"closed","sticky":false,"template":"","format":"standard","meta":{"footnotes":""},"categories":[9],"tags":[18,145],"class_list":["post-541","post","type-post","status-publish","format-standard","has-post-thumbnail","hentry","category-compra-de-carro","tag-carro","tag-gol"],"_links":{"self":[{"href":"https:\/\/www.101veiculos.com\/blog\/wp-json\/wp\/v2\/posts\/541","targetHints":{"allow":["GET"]}}],"collection":[{"href":"https:\/\/www.101veiculos.com\/blog\/wp-json\/wp\/v2\/posts"}],"about":[{"href":"https:\/\/www.101veiculos.com\/blog\/wp-json\/wp\/v2\/types\/post"}],"author":[{"embeddable":true,"href":"https:\/\/www.101veiculos.com\/blog\/wp-json\/wp\/v2\/users\/1"}],"replies":[{"embeddable":true,"href":"https:\/\/www.101veiculos.com\/blog\/wp-json\/wp\/v2\/comments?post=541"}],"version-history":[{"count":1,"href":"https:\/\/www.101veiculos.com\/blog\/wp-json\/wp\/v2\/posts\/541\/revisions"}],"predecessor-version":[{"id":2633,"href":"https:\/\/www.101veiculos.com\/blog\/wp-json\/wp\/v2\/posts\/541\/revisions\/2633"}],"wp:featuredmedia":[{"embeddable":true,"href":"https:\/\/www.101veiculos.com\/blog\/wp-json\/wp\/v2\/media\/327"}],"wp:attachment":[{"href":"https:\/\/www.101veiculos.com\/blog\/wp-json\/wp\/v2\/media?parent=541"}],"wp:term":[{"taxonomy":"category","embeddable":true,"href":"https:\/\/www.101veiculos.com\/blog\/wp-json\/wp\/v2\/categories?post=541"},{"taxonomy":"post_tag","embeddable":true,"href":"https:\/\/www.101veiculos.com\/blog\/wp-json\/wp\/v2\/tags?post=541"}],"curies":[{"name":"wp","href":"https:\/\/api.w.org\/{rel}","templated":true}]}}