{"id":3018,"date":"2025-01-04T14:47:00","date_gmt":"2025-01-04T14:47:00","guid":{"rendered":"https:\/\/www.101veiculos.com\/blog\/?p=3018"},"modified":"2025-02-28T02:49:51","modified_gmt":"2025-02-28T02:49:51","slug":"o-papel-do-ar-condicionado-no-consumo-de-combustivel-verdades-e-mitos","status":"publish","type":"post","link":"https:\/\/www.101veiculos.com\/blog\/o-papel-do-ar-condicionado-no-consumo-de-combustivel-verdades-e-mitos\/","title":{"rendered":"O papel do ar-condicionado no consumo de combust\u00edvel: verdades e mitos"},"content":{"rendered":"\n<p>Voc\u00ea j\u00e1 parou para avaliar o impacto do ar-condicionado no consumo de combust\u00edvel do seu carro? Ser\u00e1 que esse acess\u00f3rio realmente \u00e9 o vil\u00e3o de gastos?<\/p>\n\n\n\n<p>Muitas pessoas afirmam que o ar-condicionado do carro aumenta (e muito!) o consumo de combust\u00edvel. Essa \u00e9 uma daquelas d\u00favidas que todo motorista tem, especialmente em cidades quentes como Florian\u00f3polis, onde o calor pode ser implac\u00e1vel. Mas ser\u00e1 que isso \u00e9 mesmo verdade ou apenas mais um mito sobre carros? Vamos esclarecer tudo!<\/p>\n\n\n\n<h2 class=\"wp-block-heading\">O ar-condicionado realmente aumenta o consumo de combust\u00edvel?<\/h2>\n\n\n\n<p>Sim, isso \u00e9 verdade. Quando o ar-condicionado est\u00e1 ligado, o motor do carro precisa trabalhar mais para alimentar o compressor, o que acaba resultando em um maior consumo de combust\u00edvel. Estudos apontam que o consumo pode aumentar entre 5% a 10%, dependendo do modelo do ve\u00edculo e das condi\u00e7\u00f5es de uso. Ou seja, em trajetos urbanos, com muitas paradas e arrancadas, o impacto tende a ser maior do que em viagens longas e constantes.<\/p>\n\n\n\n<h2 class=\"wp-block-heading\">Quando compensa usar o ar-condicionado?<\/h2>\n\n\n\n<p>Se voc\u00ea est\u00e1 dirigindo em alta velocidade, especialmente em rodovias, o ar-condicionado pode ser uma op\u00e7\u00e3o mais eficiente do que rodar com as janelas abertas.<\/p>\n\n\n\n<p>Isso acontece porque, em velocidades acima de 80 km\/h, as janelas abertas aumentam a resist\u00eancia ao vento (arrasto aerodin\u00e2mico), fazendo o carro gastar ainda mais combust\u00edvel para manter a velocidade. Nesses casos, manter o ar ligado pode ser a escolha mais econ\u00f4mica e confort\u00e1vel.<\/p>\n\n\n\n<h2 class=\"wp-block-heading\">Mitos sobre o ar-condicionado e o consumo de combust\u00edvel<\/h2>\n\n\n\n<h3 class=\"wp-block-heading\">&#8220;Se eu ligar o ar em temperatura m\u00e1xima, o carro gasta mais combust\u00edvel&#8221;<\/h3>\n\n\n\n<p>Mito! O consumo ser\u00e1 praticamente o mesmo, independentemente da temperatura que voc\u00ea configurar. O que influencia \u00e9 o fato de o compressor estar em funcionamento. A diferen\u00e7a \u00e9 que, ao deixar a temperatura mais baixa, o sistema trabalha por mais tempo, mas isso n\u00e3o significa um consumo exponencial de combust\u00edvel.<\/p>\n\n\n\n<h3 class=\"wp-block-heading\">&#8220;Usar o ar-condicionado estraga o motor&#8221;<\/h3>\n\n\n\n<p>Outro mito. O sistema de climatiza\u00e7\u00e3o \u00e9 projetado para funcionar em harmonia com o motor, desde que a manuten\u00e7\u00e3o preventiva esteja em dia. O problema \u00e9 quando o filtro do ar-condicionado est\u00e1 sujo, o que pode for\u00e7ar mais o sistema e, indiretamente, gerar um maior consumo de combust\u00edvel.<\/p>\n\n\n\n<h3 class=\"wp-block-heading\">&#8220;Carros menores consomem menos combust\u00edvel com o ar ligado&#8221;<\/h3>\n\n\n\n<p>Parcialmente verdadeiro. Carros menores t\u00eam motores menos potentes, e isso significa que o impacto do ar-condicionado pode ser mais percept\u00edvel em termos de desempenho e consumo. J\u00e1 em ve\u00edculos com motores maiores, a diferen\u00e7a tende a ser menos sentida.<\/p>\n\n\n\n<h2 class=\"wp-block-heading\">Como reduzir o impacto do ar-condicionado no consumo?<\/h2>\n\n\n\n<p>J\u00e1 entendemos melhor os mitos e verdades do impacto do ar-condicionado no consumo de combust\u00edvel. Mas \u00e9 poss\u00edvel reduzir o consumo para manter o ve\u00edculo fresco? Aqui v\u00e3o algumas dicas para aproveitar o conforto do ar sem gastar tanto:<\/p>\n\n\n\n<ul class=\"wp-block-list\">\n<li>Use o ar-condicionado de forma inteligente. Ligue o ar apenas quando realmente necess\u00e1rio, e prefira ventiladores em dias menos quentes.<\/li>\n\n\n\n<li>Estacione na sombra. Isso evita que o carro vire uma estufa e que voc\u00ea precise for\u00e7ar o sistema para resfriar o interior rapidamente.<\/li>\n\n\n\n<li>Mantenha a manuten\u00e7\u00e3o em dia. Filtros limpos e sistema revisado ajudam a manter o ar funcionando de forma eficiente.<\/li>\n\n\n\n<li>Combine o ar com a ventila\u00e7\u00e3o natural. Em dias amenos, usar o ar por alguns minutos e depois abrir as janelas pode ajudar a manter o ambiente agrad\u00e1vel sem gastar tanto.<\/li>\n<\/ul>\n\n\n\n<p>Agora que voc\u00ea j\u00e1 sabe a verdade sobre o consumo de combust\u00edvel e o ar-condicionado, pode usar esse recurso de forma mais consciente e sem cair nos mitos que circulam por a\u00ed. E se voc\u00ea est\u00e1 pensando em trocar de carro por um modelo mais eficiente e econ\u00f4mico, n\u00e3o deixe de conferir o estoque de seminovos da 101 Ve\u00edculos!<\/p>\n","protected":false},"excerpt":{"rendered":"<p>Voc\u00ea j\u00e1 parou para avaliar o impacto do ar-condicionado no consumo de combust\u00edvel do seu carro? Ser\u00e1 que esse acess\u00f3rio realmente \u00e9 o vil\u00e3o de gastos? Muitas pessoas afirmam que o ar-condicionado do carro aumenta (e muito!) o consumo de combust\u00edvel. Essa \u00e9 uma daquelas d\u00favidas que todo motorista tem, especialmente em cidades quentes como [&hellip;]<\/p>\n","protected":false},"author":4,"featured_media":3019,"comment_status":"closed","ping_status":"closed","sticky":false,"template":"","format":"standard","meta":{"footnotes":""},"categories":[10],"tags":[],"class_list":["post-3018","post","type-post","status-publish","format-standard","has-post-thumbnail","hentry","category-curiosidades"],"_links":{"self":[{"href":"https:\/\/www.101veiculos.com\/blog\/wp-json\/wp\/v2\/posts\/3018","targetHints":{"allow":["GET"]}}],"collection":[{"href":"https:\/\/www.101veiculos.com\/blog\/wp-json\/wp\/v2\/posts"}],"about":[{"href":"https:\/\/www.101veiculos.com\/blog\/wp-json\/wp\/v2\/types\/post"}],"author":[{"embeddable":true,"href":"https:\/\/www.101veiculos.com\/blog\/wp-json\/wp\/v2\/users\/4"}],"replies":[{"embeddable":true,"href":"https:\/\/www.101veiculos.com\/blog\/wp-json\/wp\/v2\/comments?post=3018"}],"version-history":[{"count":1,"href":"https:\/\/www.101veiculos.com\/blog\/wp-json\/wp\/v2\/posts\/3018\/revisions"}],"predecessor-version":[{"id":3020,"href":"https:\/\/www.101veiculos.com\/blog\/wp-json\/wp\/v2\/posts\/3018\/revisions\/3020"}],"wp:featuredmedia":[{"embeddable":true,"href":"https:\/\/www.101veiculos.com\/blog\/wp-json\/wp\/v2\/media\/3019"}],"wp:attachment":[{"href":"https:\/\/www.101veiculos.com\/blog\/wp-json\/wp\/v2\/media?parent=3018"}],"wp:term":[{"taxonomy":"category","embeddable":true,"href":"https:\/\/www.101veiculos.com\/blog\/wp-json\/wp\/v2\/categories?post=3018"},{"taxonomy":"post_tag","embeddable":true,"href":"https:\/\/www.101veiculos.com\/blog\/wp-json\/wp\/v2\/tags?post=3018"}],"curies":[{"name":"wp","href":"https:\/\/api.w.org\/{rel}","templated":true}]}}