{"id":2231,"date":"2023-08-11T03:31:00","date_gmt":"2023-08-11T03:31:00","guid":{"rendered":"https:\/\/www.101veiculos.com\/blog\/?p=2231"},"modified":"2024-07-23T15:42:29","modified_gmt":"2024-07-23T15:42:29","slug":"13-carros-que-sairam-de-linha-em-2023","status":"publish","type":"post","link":"https:\/\/www.101veiculos.com\/blog\/13-carros-que-sairam-de-linha-em-2023\/","title":{"rendered":"13 carros que sa\u00edram de linha em 2023"},"content":{"rendered":"\n<p><\/p>\n\n\n\n<p>Muitas pessoas querem conhecer os carros que sa\u00edram de linha em 2023. O principal motivo \u00e9 saber se vale a pena fazer algum tipo de neg\u00f3cio ou comprar os carros que v\u00e3o sair de linha em 2023.<\/p>\n\n\n\n<p>A cada ano, a ind\u00fastria automobil\u00edstica passa por transforma\u00e7\u00f5es significativas, e uma das mudan\u00e7as mais marcantes \u00e9 a descontinua\u00e7\u00e3o de modelos ic\u00f4nicos.<\/p>\n\n\n\n<p>Enquanto alguns <a href=\"https:\/\/www.101veiculos.com\/blog\/quais-os-melhores-carros-populares\/\">carros<\/a> se mant\u00eam como verdadeiros cl\u00e1ssicos ao longo dos anos, outros enfrentam o fim de sua jornada, abrindo espa\u00e7o para novas tend\u00eancias e tecnologias.<\/p>\n\n\n\n<p>Fique atento, pois vamos revelar os carros que sa\u00edram de linha em 2023. Prepare-se para conhecer modelos que cativaram gera\u00e7\u00f5es, deixando um legado duradouro no mundo automobil\u00edstico.<\/p>\n\n\n\n<h2 class=\"wp-block-heading\"><a><\/a>Por que os carros saem de linha: entenda os motivos por tr\u00e1s da descontinua\u00e7\u00e3o<\/h2>\n\n\n\n<p>Ao observarmos a ind\u00fastria automobil\u00edstica, \u00e9 inevit\u00e1vel questionar por que os carros saem de linha. Existem dois principais motivos que levam \u00e0 descontinua\u00e7\u00e3o de um modelo: queda nas vendas e avan\u00e7o tecnol\u00f3gico.<\/p>\n\n\n\n<p>Quando um determinado carro n\u00e3o alcan\u00e7a o desempenho esperado em termos de vendas, a montadora pode tomar a dif\u00edcil decis\u00e3o de retir\u00e1-lo do mercado.<\/p>\n\n\n\n<p>Essa queda nas vendas pode estar relacionada a diversos fatores, como mudan\u00e7as nas prefer\u00eancias dos consumidores, aumento da concorr\u00eancia ou at\u00e9 mesmo a obsolesc\u00eancia de determinados recursos ou design.<\/p>\n\n\n\n<p>Por outro lado, a constante evolu\u00e7\u00e3o tecnol\u00f3gica tamb\u00e9m \u00e9 um fator determinante para a sa\u00edda de linha de um ve\u00edculo.<\/p>\n\n\n\n<p>As montadoras est\u00e3o sempre em busca de inova\u00e7\u00e3o e desenvolvimento de novas tecnologias para atender \u00e0s demandas e expectativas dos consumidores.<\/p>\n\n\n\n<p>Com o lan\u00e7amento de vers\u00f5es mais modernas, eficientes e tecnologicamente avan\u00e7adas, os modelos anteriores podem perder sua relev\u00e2ncia no mercado.<\/p>\n\n\n\n<p>Segundo especialistas do setor automotivo, a vida \u00fatil m\u00e9dia de um carro \u00e9 de cerca de 6 anos. No entanto, \u00e9 importante ressaltar que esse prazo pode variar de acordo com cada pa\u00eds e a aceita\u00e7\u00e3o do modelo pelos consumidores.<\/p>\n\n\n\n<p>Por exemplo, no Brasil, alguns carros conseguiram se manter no mercado por poucos anos, enquanto outros, como o Fiat Mille, surpreenderam ao sobreviver por incr\u00edveis 24 anos.<\/p>\n\n\n\n<h2 class=\"wp-block-heading\"><a><\/a>Quais os carros sa\u00edram de linha recentemente: conhe\u00e7a os modelos que j\u00e1 deixaram o mercado<\/h2>\n\n\n\n<p>Antes de revelarmos os carros que est\u00e3o prestes a sair de linha em 2023, \u00e9 importante destacar alguns ve\u00edculos que j\u00e1 se despediram do mercado nos anos de 2021 e 2022. Vamos conferir quais foram eles!<\/p>\n\n\n\n<p>Come\u00e7ando pela Ford, a montadora retirou de uma vez s\u00f3 tr\u00eas modelos: o Ka, o Ka Sedan e o EcoSport. Esses carros, que conquistaram seu espa\u00e7o ao longo dos anos, deixaram saudades entre os f\u00e3s da marca.<\/p>\n\n\n\n<p>Outra marca que viu alguns de seus modelos darem adeus foi a Volkswagen. A linha up, composta pelos populares up!, up! Pepper e cross up!, deixou de ser produzida. Esses compactos queridinhos do p\u00fablico se destacavam pela efici\u00eancia e versatilidade, mas chegou o momento de seguir novos caminhos.<\/p>\n\n\n\n<p>O Volkswagen Fox tamb\u00e9m se despediu do mercado recentemente. Lan\u00e7ado com a miss\u00e3o de substituir o ic\u00f4nico Gol, o Fox enfrentou desafios e n\u00e3o atingiu os n\u00edveis de sucesso esperados. Apesar de sua descontinua\u00e7\u00e3o, ele deixou sua marca na hist\u00f3ria da empresa alem\u00e3.<\/p>\n\n\n\n<p>Outro modelo que encerrou sua trajet\u00f3ria foi o Honda Fit. Com 18 anos de presen\u00e7a no mercado, o Fit se destacou como um dos carros mais vendidos e oferecia um excelente custo-benef\u00edcio. Sua sa\u00edda deixou uma lacuna no segmento de compactos, mas abriu espa\u00e7o para novas apostas da Honda.<\/p>\n\n\n\n<p>E como esquecer do Fiat Uno? Ap\u00f3s 40 anos de sucesso e se tornando um verdadeiro \u00edcone, o Uno tamb\u00e9m deu seu adeus. Ao longo de sua hist\u00f3ria, o Uno conquistou o cora\u00e7\u00e3o dos brasileiros com seu design marcante e versatilidade, mas chegou o momento de encerrar essa era.<\/p>\n\n\n\n<p><a><\/a>13 carros que sa\u00edram de linha em 2023: conhe\u00e7a os modelos que deram adeus ao mercado<\/p>\n\n\n\n<p>Chegou a hora de descobrir quais s\u00e3o os 13 carros que sa\u00edram de linha em 2023. Prepare-se para se despedir de alguns modelos ic\u00f4nicos e conhecer as novas apostas das montadoras. Vamos l\u00e1!<\/p>\n\n\n\n<h3 class=\"wp-block-heading\"><a><\/a>1. Ford Ranger<\/h3>\n\n\n\n<p>A picape m\u00e9dia produzida na Argentina recebeu uma nova linha no in\u00edcio de 2023, com um novo visual, op\u00e7\u00f5es de motor e um interior renovado, repleto de tecnologia e conforto.<\/p>\n\n\n\n<h3 class=\"wp-block-heading\"><a><\/a>2. BMW S\u00e9rie 3<\/h3>\n\n\n\n<p>O sed\u00e3 BMW S\u00e9rie 3 ganhou uma nova gera\u00e7\u00e3o na Europa, com atualiza\u00e7\u00f5es est\u00e9ticas, interior renovado e mais tecnologia embarcada.<\/p>\n\n\n\n<h3 class=\"wp-block-heading\"><a><\/a>3. BMW X1<\/h3>\n\n\n\n<p>O SUV X1 tamb\u00e9m passou por mudan\u00e7as, trazendo um design mais esportivo, cabine espa\u00e7osa e a nova central multim\u00eddia BMW iDrive 8.<\/p>\n\n\n\n<h3 class=\"wp-block-heading\"><a><\/a>4. VW Polo<\/h3>\n\n\n\n<p>A antiga gera\u00e7\u00e3o do Polo deu lugar a um novo modelo, com mudan\u00e7as no design, interior e um novo motor turbo. Al\u00e9m disso, uma vers\u00e3o mais acess\u00edvel, chamada de Polo Track, chegou como op\u00e7\u00e3o de entrada.<\/p>\n\n\n\n<h3 class=\"wp-block-heading\"><a><\/a>5. VW Virtus<\/h3>\n\n\n\n<p>O sed\u00e3 Virtus tamb\u00e9m foi substitu\u00eddo por uma nova gera\u00e7\u00e3o, com mudan\u00e7as no visual, interior e motoriza\u00e7\u00e3o.<\/p>\n\n\n\n<h3 class=\"wp-block-heading\"><a><\/a>6. Volkswagen Gol<\/h3>\n\n\n\n<p>O ic\u00f4nico <a href=\"https:\/\/www.101veiculos.com\/blog\/volkswagen-gol-sai-de-linha-e-da-lugar-a-novo-modelo-de-entrada\/\">Gol<\/a> se despediu com estilo, dando lugar a um modelo mais moderno com visual de SUV e novas op\u00e7\u00f5es de motor.<\/p>\n\n\n\n<h3 class=\"wp-block-heading\"><a><\/a>7. Volkswagen Voyage<\/h3>\n\n\n\n<p>O Voyage, variante sed\u00e3 do Gol, tamb\u00e9m deu adeus, sendo substitu\u00eddo pelo novo Virtus.<\/p>\n\n\n\n<h3 class=\"wp-block-heading\"><a><\/a>8. Renault Sandero<\/h3>\n\n\n\n<p>A fabricante anunciou investimentos para a produ\u00e7\u00e3o de um novo SUV m\u00e9dio, o que pode indicar a sa\u00edda do Sandero do mercado em breve.<\/p>\n\n\n\n<h3 class=\"wp-block-heading\"><a><\/a>9. Renault Logan<\/h3>\n\n\n\n<p>Assim como o Sandero, o Renault Logan tamb\u00e9m deve se despedir do mercado para dar espa\u00e7o a novos lan\u00e7amentos da montadora.<\/p>\n\n\n\n<h3 class=\"wp-block-heading\"><a><\/a>10. Renault Captur<\/h3>\n\n\n\n<p>O SUV m\u00e9dio Captur enfrentou dificuldades em termos de vendas e deve ser descontinuado com a chegada do SUV el\u00e9trico M\u00e9gane E-Tech.<\/p>\n\n\n\n<h3 class=\"wp-block-heading\"><a><\/a>11. Toyota Yaris<\/h3>\n\n\n\n<p>Tanto o hatch quanto o sed\u00e3 Yaris n\u00e3o alcan\u00e7aram grandes n\u00fameros de vendas para a Toyota. A montadora planeja lan\u00e7ar um sed\u00e3 maior e mais esportivo no futuro.<\/p>\n\n\n\n<h3 class=\"wp-block-heading\"><a><\/a>12. VW T-Cross<\/h3>\n\n\n\n<p>O <a href=\"https:\/\/www.101veiculos.com\/blog\/suvs-economicos-escolha-o-melhor-modelo-para-voce\/\">SUV<\/a> mais vendido do Brasil enfrenta uma nova concorr\u00eancia e deve passar por melhorias no acabamento, equipamentos e uma leve reestiliza\u00e7\u00e3o.<\/p>\n\n\n\n<h3 class=\"wp-block-heading\"><a><\/a>13. Chevrolet S10<\/h3>\n\n\n\n<p>Uma das picapes mais vendidas no Brasil, a S10 passar\u00e1 por uma nova gera\u00e7\u00e3o, com adapta\u00e7\u00f5es ao mercado brasileiro, design agressivo e uma cabine renovada.<\/p>\n\n\n\n<p>Esses s\u00e3o os 13 carros que sa\u00edram de linha em 2023. Agora, \u00e9 hora de acompanhar as novidades do mercado e descobrir quais ser\u00e3o os pr\u00f3ximos lan\u00e7amentos que ir\u00e3o conquistar os apaixonados por autom\u00f3veis.<\/p>\n\n\n\n<p>Continue nos acompanhando para ficar por dentro das \u00faltimas informa\u00e7\u00f5es e tend\u00eancias do mundo automotivo.<\/p>\n\n\n\n<p><strong>Deseja comprar um seminovo ou usado em Florian\u00f3polis? Fa\u00e7a uma escolha inteligente e conte com a <\/strong><a href=\"https:\/\/www.101veiculos.com.br\/\"><strong>101 Ve\u00edculos<\/strong><\/a><strong> para ter acesso \u00e0s melhores condi\u00e7\u00f5es do mercado.<\/strong><\/p>\n","protected":false},"excerpt":{"rendered":"<p>Descubra 13 carros que sa\u00edram de linha. Nossa lista tem modelos descontinuados, desde compactos \u00e1geis at\u00e9 luxuosos sed\u00e3s.<\/p>\n","protected":false},"author":4,"featured_media":2232,"comment_status":"closed","ping_status":"open","sticky":false,"template":"","format":"standard","meta":{"footnotes":""},"categories":[10,12],"tags":[],"class_list":["post-2231","post","type-post","status-publish","format-standard","has-post-thumbnail","hentry","category-curiosidades","category-venda-de-carro"],"_links":{"self":[{"href":"https:\/\/www.101veiculos.com\/blog\/wp-json\/wp\/v2\/posts\/2231","targetHints":{"allow":["GET"]}}],"collection":[{"href":"https:\/\/www.101veiculos.com\/blog\/wp-json\/wp\/v2\/posts"}],"about":[{"href":"https:\/\/www.101veiculos.com\/blog\/wp-json\/wp\/v2\/types\/post"}],"author":[{"embeddable":true,"href":"https:\/\/www.101veiculos.com\/blog\/wp-json\/wp\/v2\/users\/4"}],"replies":[{"embeddable":true,"href":"https:\/\/www.101veiculos.com\/blog\/wp-json\/wp\/v2\/comments?post=2231"}],"version-history":[{"count":1,"href":"https:\/\/www.101veiculos.com\/blog\/wp-json\/wp\/v2\/posts\/2231\/revisions"}],"predecessor-version":[{"id":2233,"href":"https:\/\/www.101veiculos.com\/blog\/wp-json\/wp\/v2\/posts\/2231\/revisions\/2233"}],"wp:featuredmedia":[{"embeddable":true,"href":"https:\/\/www.101veiculos.com\/blog\/wp-json\/wp\/v2\/media\/2232"}],"wp:attachment":[{"href":"https:\/\/www.101veiculos.com\/blog\/wp-json\/wp\/v2\/media?parent=2231"}],"wp:term":[{"taxonomy":"category","embeddable":true,"href":"https:\/\/www.101veiculos.com\/blog\/wp-json\/wp\/v2\/categories?post=2231"},{"taxonomy":"post_tag","embeddable":true,"href":"https:\/\/www.101veiculos.com\/blog\/wp-json\/wp\/v2\/tags?post=2231"}],"curies":[{"name":"wp","href":"https:\/\/api.w.org\/{rel}","templated":true}]}}