{"id":1034,"date":"2022-12-06T13:58:53","date_gmt":"2022-12-06T16:58:53","guid":{"rendered":"https:\/\/www.101veiculos.com.br\/blog\/?p=697"},"modified":"2024-07-23T15:44:46","modified_gmt":"2024-07-23T15:44:46","slug":"customizacao-de-carro","status":"publish","type":"post","link":"https:\/\/www.101veiculos.com\/blog\/customizacao-de-carro\/","title":{"rendered":"Customiza\u00e7\u00e3o de carro: o que pode e o que n\u00e3o pode segundo a lei?"},"content":{"rendered":"\n<p>Depois de <a href=\"https:\/\/www.101veiculos.com.br\/blog\/5-perguntas-importantes-a-se-fazer-na-hora-de-comprar-um-carro\/\">ter um ve\u00edculo para chamar de seu<\/a>, chega aquele momento em que d\u00e1 vontade de personalizar a m\u00e1quina, n\u00e3o \u00e9 verdade? Mas o que pode e o que n\u00e3o pode quando o assunto \u00e9 customiza\u00e7\u00e3o de carro?<\/p>\n\n\n\n<p><\/p>\n\n\n\n<p>Alguns itens at\u00e9 podem ser modificados, desde que as especifica\u00e7\u00f5es estejam dentro do que \u00e9 estipulado por lei. Se isso n\u00e3o acontecer, o ve\u00edculo passa a rodar descaracterizado, ent\u00e3o pode ser multado.<\/p>\n\n\n\n<p><\/p>\n\n\n\n<p>Para te ajudar, listamos a seguir alguns importantes itens de customiza\u00e7\u00e3o de carro. Veja ainda no final como regularizar esse tipo de mudan\u00e7a!<\/p>\n\n\n\n<h2 class=\"wp-block-heading\">As regras de customiza\u00e7\u00e3o de carro para 7 itens<\/h2>\n\n\n\n<p>Conhe\u00e7a 7 itens de customiza\u00e7\u00e3o do carro para saber o que pode e o que n\u00e3o pode mudar:<\/p>\n\n\n\n<h3 class=\"wp-block-heading\">1. Tamanho das rodas<\/h3>\n\n\n\n<p>Para deixar o ve\u00edculo com visual mais robusto e com a impress\u00e3o de que ele est\u00e1 rebaixado, muitos condutores compram rodas e pneus maiores.<\/p>\n\n\n\n<p><\/p>\n\n\n\n<p>Mas o <a href=\"https:\/\/www.ctbdigital.com.br\/artigo\/art8\">Artigo 8\u00ba do C\u00f3digo Brasileiro de Tr\u00e2nsito<\/a> estabelece que \u00e9 proibido \u201co aumento ou diminui\u00e7\u00e3o do di\u00e2metro externo do conjunto pneu\/roda\u201d.<\/p>\n\n\n\n<p><\/p>\n\n\n\n<p>Em outras palavras, o CTB diz que voc\u00ea at\u00e9 pode instalar uma roda maior, desde que ela seja montada em um pneu de perfil mais baixo.<\/p>\n\n\n\n<p><\/p>\n\n\n\n<p>O importante \u00e9 que o di\u00e2metro de ambos n\u00e3o seja alterado.<\/p>\n\n\n\n<p><\/p>\n\n\n\n<p>Outro ponto importante que o CTB estabelece \u00e9 que \u201ca utiliza\u00e7\u00e3o de rodas\/pneus que ultrapassem os limites externos dos para-lamas do ve\u00edculo\u201d tamb\u00e9m \u00e9 ilegal.<\/p>\n\n\n\n<p><\/p>\n\n\n\n<p>Mas esse tipo de altera\u00e7\u00e3o n\u00e3o impacta somente a est\u00e9tica do ve\u00edculo, pois sistemas de ABS, veloc\u00edmetro e de controle de tra\u00e7\u00e3o utilizam a medida do di\u00e2metro externo como refer\u00eancia.<\/p>\n\n\n\n<h3 class=\"wp-block-heading\">2. Pintura<\/h3>\n\n\n\n<p>O pr\u00f3ximo item de customiza\u00e7\u00e3o de carro do qual iremos falar \u00e9 a pintura. Aqui, quem estabelece a regra \u00e9 o Contran (Conselho Nacional de Tr\u00e2nsito).<\/p>\n\n\n\n<p><\/p>\n\n\n\n<p>A <a href=\"https:\/\/www.gov.br\/infraestrutura\/pt-br\/assuntos\/transito\/conteudo-contran\/resolucoes\/cons292.pdf\">Resolu\u00e7\u00e3o 292 do Contran<\/a> determina as condi\u00e7\u00f5es para que a pintura e o envelopamento de um ve\u00edculo esteja dentro da lei.<\/p>\n\n\n\n<p><\/p>\n\n\n\n<p>O Artigo 14, por exemplo, diz que \u201cser\u00e3o consideradas <a href=\"https:\/\/www.101veiculos.com.br\/blog\/cores-de-carros\/\">altera\u00e7\u00f5es de cor<\/a> aquelas realizadas atrav\u00e9s de pintura ou adesivamento em \u00e1rea superior a 50% do ve\u00edculo, exclu\u00eddas as \u00e1reas envidra\u00e7adas\u201d.<\/p>\n\n\n\n<p><\/p>\n\n\n\n<p>H\u00e1 um complemento em par\u00e1grafo \u00fanico: \u201cser\u00e1 atribu\u00edda a cor fantasia quando for imposs\u00edvel distinguir uma cor predominante no ve\u00edculo\u201d.<\/p>\n\n\n\n<p><\/p>\n\n\n\n<p>Para que voc\u00ea entenda, imagine um carro branco e o propriet\u00e1rio envelopou mais da metade do ve\u00edculo de preto. Uma autoridade de tr\u00e2nsito que olha o autom\u00f3vel n\u00e3o conseguir\u00e1 distinguir se o carro \u00e9 branco ou preto.<\/p>\n\n\n\n<p><\/p>\n\n\n\n<p>Caso voc\u00ea queira envelopar mais da metade do ve\u00edculo, a dica \u00e9 procurar o Detran do seu Estado para solicitar a atualiza\u00e7\u00e3o de cor no CRV (Certificado de Registro de Ve\u00edculo).<\/p>\n\n\n\n<p><\/p>\n\n\n\n<p>A dispensa ocorre quando a tonalidade escolhida for a mesma da original do carro. Ent\u00e3o, seguindo o exemplo que demos, caso o ve\u00edculo seja branco brilhante e fique fosco por meio de envelopamento, ele n\u00e3o precisa de mudan\u00e7a no CRV.<\/p>\n\n\n\n<h3 class=\"wp-block-heading\">3. Pel\u00edcula automotiva<\/h3>\n\n\n\n<p>A pel\u00edcula automotiva, ou insulfilm, \u00e9 outro item de customiza\u00e7\u00e3o de carro que precisa de aten\u00e7\u00e3o.<\/p>\n\n\n\n<p><\/p>\n\n\n\n<p>Recentemente, em maio de 2022, houve uma mudan\u00e7a na lei que estabelece novas regras para o uso do acess\u00f3rio.<\/p>\n\n\n\n<p><\/p>\n\n\n\n<p>Essas regras determinam os par\u00e2metros de uso da pel\u00edcula automotiva, tanto para a seguran\u00e7a dos vidros quanto a visibilidade para fins de circula\u00e7\u00e3o.<\/p>\n\n\n\n<p><\/p>\n\n\n\n<p>No caso do para-brisa, dos vidros laterais e demais que s\u00e3o indispens\u00e1veis para a dirigibilidade do ve\u00edculo, o m\u00ednimo de transpar\u00eancia exigido \u00e9 de 70%.<\/p>\n\n\n\n<p><\/p>\n\n\n\n<p>Para os demais vidros, o m\u00ednimo requisitado \u00e9 de 28% de transpar\u00eancia.<\/p>\n\n\n\n<p><\/p>\n\n\n\n<p>Antes, o percentual exigido pela legisla\u00e7\u00e3o anterior era de 75% para a maioria dos vidros.<\/p>\n\n\n\n<h3 class=\"wp-block-heading\">4. Rebaixamento<\/h3>\n\n\n\n<figure class=\"wp-block-image size-large\"><img decoding=\"async\" data-src=\"https:\/\/www.101veiculos.com\/blog\/wp-content\/uploads\/2022\/12\/customizacao-de-carro-1.jpg\" alt=\"\" class=\"wp-image-699 lazy lazyload\" src=\"data:image\/svg+xml;base64,PHN2ZyB3aWR0aD0iMSIgaGVpZ2h0PSIxIiB4bWxucz0iaHR0cDovL3d3dy53My5vcmcvMjAwMC9zdmciPjwvc3ZnPg==\" style=\"--smush-placeholder-width: 900px; --smush-placeholder-aspect-ratio: 900\/600;\" \/><\/figure>\n\n\n\n<p>Seguindo nossa lista sobre o que pode e o que n\u00e3o pode, segundo a lei, sobre customiza\u00e7\u00e3o de carro, chegamos ao rebaixamento.<\/p>\n\n\n\n<p><\/p>\n\n\n\n<p>O artigo 6\u00ba da Resolu\u00e7\u00e3o N\u00ba 292\/2008 do Contran determina sobre a ilegalidade da troca do sistema de suspens\u00e3o.<\/p>\n\n\n\n<p><\/p>\n\n\n\n<p>Nos ve\u00edculos com peso total bruto de at\u00e9 3,5 toneladas, o sistema de suspens\u00e3o poder\u00e1 ser fixo ou regul\u00e1vel. A altura m\u00ednima permitida para circula\u00e7\u00e3o precisa ser maior ou igual a 100mm, do solo ao ponto mais baixo do chassi ou carroceria.<\/p>\n\n\n\n<p><\/p>\n\n\n\n<p>O artigo ainda destaca que o conjunto de rodas e pneus n\u00e3o poder\u00e1 tocar em partes do ve\u00edculo quando este for ester\u00e7ar.<\/p>\n\n\n\n<p><\/p>\n\n\n\n<p>Modifica\u00e7\u00f5es de rebaixamento devem ser informadas no CRV.<\/p>\n\n\n\n<h3 class=\"wp-block-heading\">5. Far\u00f3is<\/h3>\n\n\n\n<p>Quando a customiza\u00e7\u00e3o de carro chega nos far\u00f3is, o problema \u00e9 espec\u00edfico de um modelo chamado xen\u00f4nio. Esta fonte luminosa descarrega um tipo de g\u00e1s e \u00e9 proibida. Mas h\u00e1 uma exce\u00e7\u00e3o.<\/p>\n\n\n\n<p><\/p>\n\n\n\n<p>Somente os ve\u00edculos que saem de f\u00e1brica com far\u00f3is de xen\u00f4nio ou que emitiram o Certificado de Seguran\u00e7a Veicular antes de 2011 est\u00e3o autorizados a rodar com esse tipo de fonte de luz.<\/p>\n\n\n\n<h3 class=\"wp-block-heading\">6. Turbo no motor<\/h3>\n\n\n\n<p>O C\u00f3digo Brasileiro de Tr\u00e2nsito permite que os carros sejam turbinados, entretanto, desde que sigam os par\u00e2metros da legisla\u00e7\u00e3o, pois o objetivo \u00e9 manter a seguran\u00e7a de todos.<\/p>\n\n\n\n<p><\/p>\n\n\n\n<p>A troca do sistema de combust\u00edvel por um <a href=\"https:\/\/www.101veiculos.com.br\/blog\/motor-turbo\/\">motor turbo<\/a> s\u00f3 pode ser feita desde que os tr\u00eas passos abaixo sejam cumpridos:<\/p>\n\n\n\n<ol class=\"wp-block-list\"><li>autoriza\u00e7\u00e3o do Detran;<\/li><li>vistoria por uma oficina autorizada pelo Detran;<\/li><li>envio do laudo ao Detran para aprova\u00e7\u00e3o e conclus\u00e3o do processo.<\/li><\/ol>\n\n\n\n<h3 class=\"wp-block-heading\">7. Escapamento<\/h3>\n\n\n\n<p>O s\u00e9timo item da nossa lista sobre customiza\u00e7\u00e3o de carro \u00e9 o escapamento.\u00a0<\/p>\n\n\n\n<p><\/p>\n\n\n\n<p>O Artigo 98 da Lei de Tr\u00e2nsito diz que \u201cnenhum propriet\u00e1rio ou respons\u00e1vel poder\u00e1, sem pr\u00e9via autoriza\u00e7\u00e3o da autoridade competente, fazer ou ordenar que sejam feitas no ve\u00edculo modifica\u00e7\u00f5es de suas caracter\u00edsticas de f\u00e1brica\u201d.<\/p>\n\n\n\n<p><\/p>\n\n\n\n<p>Isso significa que as mudan\u00e7as que afetam os \u00edndices de emiss\u00e3o de poluentes e ru\u00eddos s\u00e3o proibidas.<\/p>\n\n\n\n<p><\/p>\n\n\n\n<p>Mas no caso da troca por sistemas de escapamento similares, h\u00e1 autoriza\u00e7\u00e3o.<\/p>\n\n\n\n<p><\/p>\n\n\n\n<p>O C\u00f3digo Brasileiro de Tr\u00e2nsito aponta, em seu Artigo 230, que \u201cconduzir com descarga livre ou silenciador de motor de explos\u00e3o defeituoso, deficiente ou inoperante \u00e9 infra\u00e7\u00e3o grave, com penalidade de multa e medida administrativa de reten\u00e7\u00e3o do ve\u00edculo para regulariza\u00e7\u00e3o\u201d.<\/p>\n\n\n\n<h2 class=\"wp-block-heading\">Como regularizar a customiza\u00e7\u00e3o de carro<\/h2>\n\n\n\n<p>Se a customiza\u00e7\u00e3o do carro foi feita de forma inapropriada, saiba que h\u00e1 como resolver a situa\u00e7\u00e3o e ficar em dia com as autoridades.<\/p>\n\n\n\n<p><\/p>\n\n\n\n<p>\u00c9 fundamental conhecer as regras citadas acima, para saber se as mudan\u00e7as s\u00e3o ou n\u00e3o permitidas. Depois da checagem, as que demandam de autoriza\u00e7\u00e3o precisam passar pelo seguinte processo:<\/p>\n\n\n\n<ul class=\"wp-block-list\"><li>solicitar autoriza\u00e7\u00e3o do Detran indo \u00e0 unidade mais pr\u00f3xima de posse do documento do carro;<\/li><li>encontrar uma oficina de confian\u00e7a para realizar as modifica\u00e7\u00f5es dentro das normas permitidas;<\/li><li>realizar a inspe\u00e7\u00e3o veicular em uma Institui\u00e7\u00e3o T\u00e9cnica Licenciada (ITL) para obter, caso aprovada, o Certificado de Seguran\u00e7a Veicular (CSV).<\/li><li>entregar o CSV ao Detran para que as modifica\u00e7\u00f5es sejam inclu\u00eddas nos documentos.<\/li><\/ul>\n\n\n\n<p>Quando a customiza\u00e7\u00e3o de carro est\u00e1 dentro da lei, n\u00e3o h\u00e1 com o que se preocupar.<\/p>\n\n\n\n<p><\/p>\n\n\n\n<p><strong>Quer saber <\/strong><a href=\"https:\/\/www.101veiculos.com.br\/blog\/o-que-e-inspecao-veicular-e-quando-fazer\/\"><strong>o que \u00e9 inspe\u00e7\u00e3o veicular e quando fazer?<\/strong><\/a><strong> Saiba ainda a diferen\u00e7a entre ela e outro procedimento: a vistoria.<\/strong><\/p>\n","protected":false},"excerpt":{"rendered":"<p>A gente te conta quais itens de customiza\u00e7\u00e3o de carro podem ou n\u00e3o ser alterados. Fique por dentro!<\/p>\n","protected":false},"author":1,"featured_media":1018,"comment_status":"closed","ping_status":"closed","sticky":false,"template":"","format":"standard","meta":{"footnotes":""},"categories":[10],"tags":[18,149,150],"class_list":["post-1034","post","type-post","status-publish","format-standard","has-post-thumbnail","hentry","category-curiosidades","tag-carro","tag-customizacao","tag-customizacao-de-carro"],"_links":{"self":[{"href":"https:\/\/www.101veiculos.com\/blog\/wp-json\/wp\/v2\/posts\/1034","targetHints":{"allow":["GET"]}}],"collection":[{"href":"https:\/\/www.101veiculos.com\/blog\/wp-json\/wp\/v2\/posts"}],"about":[{"href":"https:\/\/www.101veiculos.com\/blog\/wp-json\/wp\/v2\/types\/post"}],"author":[{"embeddable":true,"href":"https:\/\/www.101veiculos.com\/blog\/wp-json\/wp\/v2\/users\/1"}],"replies":[{"embeddable":true,"href":"https:\/\/www.101veiculos.com\/blog\/wp-json\/wp\/v2\/comments?post=1034"}],"version-history":[{"count":1,"href":"https:\/\/www.101veiculos.com\/blog\/wp-json\/wp\/v2\/posts\/1034\/revisions"}],"predecessor-version":[{"id":2611,"href":"https:\/\/www.101veiculos.com\/blog\/wp-json\/wp\/v2\/posts\/1034\/revisions\/2611"}],"wp:featuredmedia":[{"embeddable":true,"href":"https:\/\/www.101veiculos.com\/blog\/wp-json\/wp\/v2\/media\/1018"}],"wp:attachment":[{"href":"https:\/\/www.101veiculos.com\/blog\/wp-json\/wp\/v2\/media?parent=1034"}],"wp:term":[{"taxonomy":"category","embeddable":true,"href":"https:\/\/www.101veiculos.com\/blog\/wp-json\/wp\/v2\/categories?post=1034"},{"taxonomy":"post_tag","embeddable":true,"href":"https:\/\/www.101veiculos.com\/blog\/wp-json\/wp\/v2\/tags?post=1034"}],"curies":[{"name":"wp","href":"https:\/\/api.w.org\/{rel}","templated":true}]}}